{"id":797,"date":"2018-01-23T15:12:46","date_gmt":"2018-01-23T13:12:46","guid":{"rendered":"http:\/\/www.lafeecarabate.fr\/blog\/?p=797"},"modified":"2020-04-24T15:05:59","modified_gmt":"2020-04-24T13:05:59","slug":"ours-polaire-suite","status":"publish","type":"post","link":"https:\/\/www.lafeecarabate.fr\/blog\/ours-polaire-suite\/","title":{"rendered":"Ours polaire (suite!&#8230;)"},"content":{"rendered":"<p>Comme promis, voici l&rsquo;int\u00e9rieur de la page double avec l&rsquo;ours polaire. Elle est \u00e9galement travaill\u00e9e avec le gabarit rayons, j&rsquo;ai utilis\u00e9 2 photos au format 13*18, les autres sont des 11*15 comme d&rsquo;habitude!<\/p>\n<p>Une mise en page simple qui ne coupe pas trop les photos.<\/p>\n<p>Merci pour votre passage par ici!<\/p>\n<p>&nbsp;<\/p>\n<p><a href=\"http:\/\/www.lafeecarabate.fr\/blog\/wp-content\/uploads\/2018\/01\/rayon02-int-R\u00e9solution-de-l\u00e9cran.jpg\"><img loading=\"lazy\" decoding=\"async\" class=\"alignnone size-medium wp-image-788\" src=\"http:\/\/www.lafeecarabate.fr\/blog\/wp-content\/uploads\/2018\/01\/rayon02-int-R\u00e9solution-de-l\u00e9cran-300x145.jpg\" alt=\"www.lafeecarabate - interieur page double ours polaire\" width=\"300\" height=\"145\" srcset=\"https:\/\/www.lafeecarabate.fr\/blog\/wp-content\/uploads\/2018\/01\/rayon02-int-R\u00e9solution-de-l\u00e9cran-300x145.jpg 300w, https:\/\/www.lafeecarabate.fr\/blog\/wp-content\/uploads\/2018\/01\/rayon02-int-R\u00e9solution-de-l\u00e9cran-768x371.jpg 768w, https:\/\/www.lafeecarabate.fr\/blog\/wp-content\/uploads\/2018\/01\/rayon02-int-R\u00e9solution-de-l\u00e9cran-1024x494.jpg 1024w, https:\/\/www.lafeecarabate.fr\/blog\/wp-content\/uploads\/2018\/01\/rayon02-int-R\u00e9solution-de-l\u00e9cran.jpg 1536w\" sizes=\"auto, (max-width: 300px) 100vw, 300px\" \/><\/a><\/p>\n","protected":false},"excerpt":{"rendered":"<p>Comme promis, voici l&rsquo;int\u00e9rieur de la page double avec l&rsquo;ours polaire. Elle est \u00e9galement travaill\u00e9e avec le gabarit rayons, j&rsquo;ai utilis\u00e9 2 photos au format 13*18, les autres sont des 11*15 comme d&rsquo;habitude! Une mise en page simple qui ne coupe pas trop les photos. Merci pour votre passage par ici! &nbsp;<\/p>\n","protected":false},"author":1,"featured_media":0,"comment_status":"open","ping_status":"open","sticky":false,"template":"","format":"standard","meta":{"_jetpack_memberships_contains_paid_content":false,"footnotes":""},"categories":[140],"tags":[15,18,81,8,123,43],"class_list":{"0":"post-797","1":"post","2":"type-post","3":"status-publish","4":"format-standard","6":"category-gabarit-rayons","7":"tag-gabarit-rayons","8":"tag-la-fee-carabate","9":"tag-page-double","10":"tag-pan-pastels","11":"tag-scrap-europeen","12":"tag-scrapbooking","13":"czr-hentry"},"jetpack_featured_media_url":"","jetpack_sharing_enabled":true,"_links":{"self":[{"href":"https:\/\/www.lafeecarabate.fr\/blog\/wp-json\/wp\/v2\/posts\/797","targetHints":{"allow":["GET"]}}],"collection":[{"href":"https:\/\/www.lafeecarabate.fr\/blog\/wp-json\/wp\/v2\/posts"}],"about":[{"href":"https:\/\/www.lafeecarabate.fr\/blog\/wp-json\/wp\/v2\/types\/post"}],"author":[{"embeddable":true,"href":"https:\/\/www.lafeecarabate.fr\/blog\/wp-json\/wp\/v2\/users\/1"}],"replies":[{"embeddable":true,"href":"https:\/\/www.lafeecarabate.fr\/blog\/wp-json\/wp\/v2\/comments?post=797"}],"version-history":[{"count":2,"href":"https:\/\/www.lafeecarabate.fr\/blog\/wp-json\/wp\/v2\/posts\/797\/revisions"}],"predecessor-version":[{"id":799,"href":"https:\/\/www.lafeecarabate.fr\/blog\/wp-json\/wp\/v2\/posts\/797\/revisions\/799"}],"wp:attachment":[{"href":"https:\/\/www.lafeecarabate.fr\/blog\/wp-json\/wp\/v2\/media?parent=797"}],"wp:term":[{"taxonomy":"category","embeddable":true,"href":"https:\/\/www.lafeecarabate.fr\/blog\/wp-json\/wp\/v2\/categories?post=797"},{"taxonomy":"post_tag","embeddable":true,"href":"https:\/\/www.lafeecarabate.fr\/blog\/wp-json\/wp\/v2\/tags?post=797"}],"curies":[{"name":"wp","href":"https:\/\/api.w.org\/{rel}","templated":true}]}}