{"id":624,"date":"2017-08-07T15:32:54","date_gmt":"2017-08-07T13:32:54","guid":{"rendered":"http:\/\/www.lafeecarabate.fr\/blog\/?p=624"},"modified":"2020-04-24T15:21:24","modified_gmt":"2020-04-24T13:21:24","slug":"a-partir-du-meme-modele","status":"publish","type":"post","link":"https:\/\/www.lafeecarabate.fr\/blog\/a-partir-du-meme-modele\/","title":{"rendered":"A partir du m\u00eame mod\u00e8le&#8230;"},"content":{"rendered":"<p>Voici la page r\u00e9alis\u00e9e par Emilie, \u00e0 partir du m\u00eame mod\u00e8le que celle des costum\u00e9s (bleue et turquoise) propos\u00e9e il y a quelques jours!<\/p>\n<p>&nbsp;<\/p>\n<p><a href=\"http:\/\/www.lafeecarabate.fr\/blog\/wp-content\/uploads\/2017\/07\/Emilie-R\u00e9solution-de-l\u00e9cran.jpg\"><img loading=\"lazy\" decoding=\"async\" class=\"alignnone size-medium wp-image-572\" src=\"http:\/\/www.lafeecarabate.fr\/blog\/wp-content\/uploads\/2017\/07\/Emilie-R\u00e9solution-de-l\u00e9cran-300x296.jpg\" alt=\"La f\u00e9e Carabate - Page \u00e9l\u00e8ve -Emilie\" width=\"300\" height=\"296\" srcset=\"https:\/\/www.lafeecarabate.fr\/blog\/wp-content\/uploads\/2017\/07\/Emilie-R\u00e9solution-de-l\u00e9cran-300x296.jpg 300w, https:\/\/www.lafeecarabate.fr\/blog\/wp-content\/uploads\/2017\/07\/Emilie-R\u00e9solution-de-l\u00e9cran-768x758.jpg 768w, https:\/\/www.lafeecarabate.fr\/blog\/wp-content\/uploads\/2017\/07\/Emilie-R\u00e9solution-de-l\u00e9cran-1024x1010.jpg 1024w, https:\/\/www.lafeecarabate.fr\/blog\/wp-content\/uploads\/2017\/07\/Emilie-R\u00e9solution-de-l\u00e9cran.jpg 1536w\" sizes=\"auto, (max-width: 300px) 100vw, 300px\" \/><\/a><\/p>\n<p>&nbsp;<\/p>\n<p><a href=\"http:\/\/www.lafeecarabate.fr\/blog\/wp-content\/uploads\/2017\/07\/Emilie-2-R\u00e9solution-de-l\u00e9cran.jpg\"><img loading=\"lazy\" decoding=\"async\" class=\"alignnone size-medium wp-image-573\" src=\"http:\/\/www.lafeecarabate.fr\/blog\/wp-content\/uploads\/2017\/07\/Emilie-2-R\u00e9solution-de-l\u00e9cran-211x300.jpg\" alt=\"La f\u00e9e Carabate - Page \u00e9l\u00e8ve -Emilie\" width=\"211\" height=\"300\" srcset=\"https:\/\/www.lafeecarabate.fr\/blog\/wp-content\/uploads\/2017\/07\/Emilie-2-R\u00e9solution-de-l\u00e9cran-211x300.jpg 211w, https:\/\/www.lafeecarabate.fr\/blog\/wp-content\/uploads\/2017\/07\/Emilie-2-R\u00e9solution-de-l\u00e9cran.jpg 608w\" sizes=\"auto, (max-width: 211px) 100vw, 211px\" \/><\/a><\/p>\n<p>&nbsp;<\/p>\n<p><a href=\"http:\/\/www.lafeecarabate.fr\/blog\/wp-content\/uploads\/2017\/07\/Emilie-3-R\u00e9solution-de-l\u00e9cran.jpg\"><img loading=\"lazy\" decoding=\"async\" class=\"alignnone size-medium wp-image-574\" src=\"http:\/\/www.lafeecarabate.fr\/blog\/wp-content\/uploads\/2017\/07\/Emilie-3-R\u00e9solution-de-l\u00e9cran-211x300.jpg\" alt=\"La f\u00e9e Carabate - Page \u00e9l\u00e8ve -Emilie\" width=\"211\" height=\"300\" srcset=\"https:\/\/www.lafeecarabate.fr\/blog\/wp-content\/uploads\/2017\/07\/Emilie-3-R\u00e9solution-de-l\u00e9cran-211x300.jpg 211w, https:\/\/www.lafeecarabate.fr\/blog\/wp-content\/uploads\/2017\/07\/Emilie-3-R\u00e9solution-de-l\u00e9cran.jpg 608w\" sizes=\"auto, (max-width: 211px) 100vw, 211px\" \/><\/a><\/p>\n","protected":false},"excerpt":{"rendered":"<p>Voici la page r\u00e9alis\u00e9e par Emilie, \u00e0 partir du m\u00eame mod\u00e8le que celle des costum\u00e9s (bleue et turquoise) propos\u00e9e il y a quelques jours! &nbsp; &nbsp; &nbsp;<\/p>\n","protected":false},"author":1,"featured_media":572,"comment_status":"open","ping_status":"open","sticky":false,"template":"","format":"standard","meta":{"_jetpack_memberships_contains_paid_content":false,"footnotes":""},"categories":[134],"tags":[14,22,18,27,23,123,43],"class_list":{"0":"post-624","1":"post","2":"type-post","3":"status-publish","4":"format-standard","5":"has-post-thumbnail","7":"category-gabarit-kit-bordures","8":"tag-kit-bordures","9":"tag-maxi-rond","10":"tag-la-fee-carabate","11":"tag-multipage","12":"tag-page-deleve","13":"tag-scrap-europeen","14":"tag-scrapbooking","15":"czr-hentry"},"jetpack_featured_media_url":"https:\/\/www.lafeecarabate.fr\/blog\/wp-content\/uploads\/2017\/07\/Emilie-R\u00e9solution-de-l\u00e9cran.jpg","jetpack_sharing_enabled":true,"_links":{"self":[{"href":"https:\/\/www.lafeecarabate.fr\/blog\/wp-json\/wp\/v2\/posts\/624","targetHints":{"allow":["GET"]}}],"collection":[{"href":"https:\/\/www.lafeecarabate.fr\/blog\/wp-json\/wp\/v2\/posts"}],"about":[{"href":"https:\/\/www.lafeecarabate.fr\/blog\/wp-json\/wp\/v2\/types\/post"}],"author":[{"embeddable":true,"href":"https:\/\/www.lafeecarabate.fr\/blog\/wp-json\/wp\/v2\/users\/1"}],"replies":[{"embeddable":true,"href":"https:\/\/www.lafeecarabate.fr\/blog\/wp-json\/wp\/v2\/comments?post=624"}],"version-history":[{"count":1,"href":"https:\/\/www.lafeecarabate.fr\/blog\/wp-json\/wp\/v2\/posts\/624\/revisions"}],"predecessor-version":[{"id":625,"href":"https:\/\/www.lafeecarabate.fr\/blog\/wp-json\/wp\/v2\/posts\/624\/revisions\/625"}],"wp:featuredmedia":[{"embeddable":true,"href":"https:\/\/www.lafeecarabate.fr\/blog\/wp-json\/wp\/v2\/media\/572"}],"wp:attachment":[{"href":"https:\/\/www.lafeecarabate.fr\/blog\/wp-json\/wp\/v2\/media?parent=624"}],"wp:term":[{"taxonomy":"category","embeddable":true,"href":"https:\/\/www.lafeecarabate.fr\/blog\/wp-json\/wp\/v2\/categories?post=624"},{"taxonomy":"post_tag","embeddable":true,"href":"https:\/\/www.lafeecarabate.fr\/blog\/wp-json\/wp\/v2\/tags?post=624"}],"curies":[{"name":"wp","href":"https:\/\/api.w.org\/{rel}","templated":true}]}}