{"id":258,"date":"2016-12-20T09:33:03","date_gmt":"2016-12-20T07:33:03","guid":{"rendered":"http:\/\/www.lafeecarabate.fr\/blog\/?p=258"},"modified":"2020-04-24T15:47:04","modified_gmt":"2020-04-24T13:47:04","slug":"inspiration-pour-vos-tables-de-fetes","status":"publish","type":"post","link":"https:\/\/www.lafeecarabate.fr\/blog\/inspiration-pour-vos-tables-de-fetes\/","title":{"rendered":"Inspiration pour vos tables de f\u00eates"},"content":{"rendered":"<p>A quelques jours des r\u00e9veillons de fin d&rsquo;ann\u00e9e, je vous propose un exemple de d\u00e9coration pour vos tables de f\u00eates&#8230;<\/p>\n<p>Je vous souhaite \u00e0 tous et toutes de bons pr\u00e9paratifs de No\u00ebl,<\/p>\n<p>&nbsp;<\/p>\n<p><a href=\"http:\/\/www.lafeecarabate.fr\/blog\/wp-content\/uploads\/2016\/12\/tableNoel-R\u00e9solution-de-l\u00e9cran.jpg\"><img loading=\"lazy\" decoding=\"async\" class=\"alignnone size-medium wp-image-259\" src=\"http:\/\/www.lafeecarabate.fr\/blog\/wp-content\/uploads\/2016\/12\/tableNoel-R\u00e9solution-de-l\u00e9cran-300x225.jpg\" alt=\"La F\u00e9e Carabate - D\u00e9coration Table Noel\" width=\"300\" height=\"225\" srcset=\"https:\/\/www.lafeecarabate.fr\/blog\/wp-content\/uploads\/2016\/12\/tableNoel-R\u00e9solution-de-l\u00e9cran-300x225.jpg 300w, https:\/\/www.lafeecarabate.fr\/blog\/wp-content\/uploads\/2016\/12\/tableNoel-R\u00e9solution-de-l\u00e9cran-768x576.jpg 768w, https:\/\/www.lafeecarabate.fr\/blog\/wp-content\/uploads\/2016\/12\/tableNoel-R\u00e9solution-de-l\u00e9cran-1024x768.jpg 1024w, https:\/\/www.lafeecarabate.fr\/blog\/wp-content\/uploads\/2016\/12\/tableNoel-R\u00e9solution-de-l\u00e9cran.jpg 1536w\" sizes=\"auto, (max-width: 300px) 100vw, 300px\" \/><\/a><\/p>\n","protected":false},"excerpt":{"rendered":"<p>A quelques jours des r\u00e9veillons de fin d&rsquo;ann\u00e9e, je vous propose un exemple de d\u00e9coration pour vos tables de f\u00eates&#8230; Je vous souhaite \u00e0 tous et toutes de bons pr\u00e9paratifs de No\u00ebl, &nbsp;<\/p>\n","protected":false},"author":1,"featured_media":0,"comment_status":"open","ping_status":"open","sticky":false,"template":"","format":"standard","meta":{"_jetpack_memberships_contains_paid_content":false,"footnotes":""},"categories":[165],"tags":[],"class_list":{"0":"post-258","1":"post","2":"type-post","3":"status-publish","4":"format-standard","6":"category-deco-de-fetes","7":"czr-hentry"},"jetpack_featured_media_url":"","jetpack_sharing_enabled":true,"_links":{"self":[{"href":"https:\/\/www.lafeecarabate.fr\/blog\/wp-json\/wp\/v2\/posts\/258","targetHints":{"allow":["GET"]}}],"collection":[{"href":"https:\/\/www.lafeecarabate.fr\/blog\/wp-json\/wp\/v2\/posts"}],"about":[{"href":"https:\/\/www.lafeecarabate.fr\/blog\/wp-json\/wp\/v2\/types\/post"}],"author":[{"embeddable":true,"href":"https:\/\/www.lafeecarabate.fr\/blog\/wp-json\/wp\/v2\/users\/1"}],"replies":[{"embeddable":true,"href":"https:\/\/www.lafeecarabate.fr\/blog\/wp-json\/wp\/v2\/comments?post=258"}],"version-history":[{"count":3,"href":"https:\/\/www.lafeecarabate.fr\/blog\/wp-json\/wp\/v2\/posts\/258\/revisions"}],"predecessor-version":[{"id":262,"href":"https:\/\/www.lafeecarabate.fr\/blog\/wp-json\/wp\/v2\/posts\/258\/revisions\/262"}],"wp:attachment":[{"href":"https:\/\/www.lafeecarabate.fr\/blog\/wp-json\/wp\/v2\/media?parent=258"}],"wp:term":[{"taxonomy":"category","embeddable":true,"href":"https:\/\/www.lafeecarabate.fr\/blog\/wp-json\/wp\/v2\/categories?post=258"},{"taxonomy":"post_tag","embeddable":true,"href":"https:\/\/www.lafeecarabate.fr\/blog\/wp-json\/wp\/v2\/tags?post=258"}],"curies":[{"name":"wp","href":"https:\/\/api.w.org\/{rel}","templated":true}]}}