{"id":1678,"date":"2020-06-26T20:16:51","date_gmt":"2020-06-26T18:16:51","guid":{"rendered":"https:\/\/www.lafeecarabate.fr\/blog\/?p=1678"},"modified":"2020-07-23T15:33:22","modified_gmt":"2020-07-23T13:33:22","slug":"un-cours-en-live","status":"publish","type":"post","link":"https:\/\/www.lafeecarabate.fr\/blog\/un-cours-en-live\/","title":{"rendered":"Un cours en Live!!"},"content":{"rendered":"\n<p>Bonjour \u00e0 toutes,<br><br>J\u2019ai une bonne nouvelle pour vous, la fibre est enfin arriv\u00e9e dans notre village, et nous avons d\u00e9sormais une connexion internet beaucoup plus rapide et plus stable, ce qui me permet d\u2019envisager un cours en live\u2026<br>Ce cours se fera<strong> sur Facebook, le jeudi 9 juillet, \u00e0 19h30<\/strong>. <br><strong>Le tarif est de 19\u20ac.<\/strong><br>Pour celles qui n\u2019ont pas Facebook, vous pouvez vous cr\u00e9er un compte, c\u2019est gratuit.<br>Je vous pr\u00e9pare une multipage, j\u2019annoncerai en d\u00e9but de semaine le gabarit et le nombre de photos n\u00e9cessaires, ce qui vous laissera le temps de vous pr\u00e9parer!<br>Le 9, je scrapperai avec vous, en direct pour faire le montage de la multipage. J&rsquo;ai besoin que vous vous inscriviez par mail, ce qui me permettra aussi de pouvoir vous envoyer le tuto!<\/p>\n\n\n\n<p>Si vous souhaitez vous inscrire pour ce premier Live de la F\u00e9e Carabate, envoyez moi un mail \u00e0 <a href=\"mailto:contact@lafeecarabate.fr\">contact@lafeecarabate.fr<\/a><br>Je vous expliquerai plus en d\u00e9tail les modalit\u00e9s de fonctionnement.<\/p>\n\n\n\n<p>J\u2019esp\u00e8re que vous serez nombreuses au rendez-vous&nbsp;!<br><br><strong>Ne r\u00e9pondez pas au mail automatique qui vous est envoy\u00e9 pour annoncer un nouvel article sur le blog, je ne re\u00e7ois pas les r\u00e9ponses.<\/strong><\/p>\n\n\n\n<p><\/p>\n","protected":false},"excerpt":{"rendered":"<p>Bonjour \u00e0 toutes, J\u2019ai une bonne nouvelle pour vous, la fibre est enfin arriv\u00e9e dans notre village, et nous avons d\u00e9sormais une connexion internet beaucoup plus rapide et plus stable, ce qui me permet d\u2019envisager un cours en live\u2026Ce cours se fera sur Facebook, le jeudi 9 juillet, \u00e0 19h30. Le tarif est de 19\u20ac.Pour [&hellip;]<\/p>\n","protected":false},"author":1,"featured_media":53,"comment_status":"open","ping_status":"open","sticky":false,"template":"","format":"standard","meta":{"_jetpack_memberships_contains_paid_content":false,"footnotes":""},"categories":[133],"tags":[202,18,27,123],"class_list":{"0":"post-1678","1":"post","2":"type-post","3":"status-publish","4":"format-standard","5":"has-post-thumbnail","7":"category-gabarit-hikari","8":"tag-facebook-live","9":"tag-la-fee-carabate","10":"tag-multipage","11":"tag-scrap-europeen","12":"czr-hentry"},"jetpack_featured_media_url":"https:\/\/www.lafeecarabate.fr\/blog\/wp-content\/uploads\/2016\/10\/IMG_5688.jpg","jetpack_sharing_enabled":true,"_links":{"self":[{"href":"https:\/\/www.lafeecarabate.fr\/blog\/wp-json\/wp\/v2\/posts\/1678","targetHints":{"allow":["GET"]}}],"collection":[{"href":"https:\/\/www.lafeecarabate.fr\/blog\/wp-json\/wp\/v2\/posts"}],"about":[{"href":"https:\/\/www.lafeecarabate.fr\/blog\/wp-json\/wp\/v2\/types\/post"}],"author":[{"embeddable":true,"href":"https:\/\/www.lafeecarabate.fr\/blog\/wp-json\/wp\/v2\/users\/1"}],"replies":[{"embeddable":true,"href":"https:\/\/www.lafeecarabate.fr\/blog\/wp-json\/wp\/v2\/comments?post=1678"}],"version-history":[{"count":4,"href":"https:\/\/www.lafeecarabate.fr\/blog\/wp-json\/wp\/v2\/posts\/1678\/revisions"}],"predecessor-version":[{"id":1771,"href":"https:\/\/www.lafeecarabate.fr\/blog\/wp-json\/wp\/v2\/posts\/1678\/revisions\/1771"}],"wp:featuredmedia":[{"embeddable":true,"href":"https:\/\/www.lafeecarabate.fr\/blog\/wp-json\/wp\/v2\/media\/53"}],"wp:attachment":[{"href":"https:\/\/www.lafeecarabate.fr\/blog\/wp-json\/wp\/v2\/media?parent=1678"}],"wp:term":[{"taxonomy":"category","embeddable":true,"href":"https:\/\/www.lafeecarabate.fr\/blog\/wp-json\/wp\/v2\/categories?post=1678"},{"taxonomy":"post_tag","embeddable":true,"href":"https:\/\/www.lafeecarabate.fr\/blog\/wp-json\/wp\/v2\/tags?post=1678"}],"curies":[{"name":"wp","href":"https:\/\/api.w.org\/{rel}","templated":true}]}}